{"id":20013,"date":"2025-05-26T10:36:14","date_gmt":"2025-05-26T09:36:14","guid":{"rendered":"https:\/\/www.manheim-express.eu\/?p=20013"},"modified":"2025-09-04T09:47:02","modified_gmt":"2025-09-04T08:47:02","slug":"die-wahrheit-hinter-e-mobilitaet-im-vertriebsalltag","status":"publish","type":"post","link":"https:\/\/www.manheim-express.eu\/de\/blog\/die-wahrheit-hinter-e-mobilitaet-im-vertriebsalltag\/","title":{"rendered":"&#8222;Wie weit komm&#8216; ich denn damit?&#8220; \u2013 Die Wahrheit hinter E-Mobilit\u00e4t im Vertriebsalltag."},"content":{"rendered":"\t\t<div data-elementor-type=\"wp-post\" data-elementor-id=\"20013\" class=\"elementor elementor-20013\" data-elementor-post-type=\"post\">\n\t\t\t\t\t\t<section class=\"elementor-section elementor-top-section elementor-element elementor-element-f336b6f elementor-section-boxed elementor-section-height-default elementor-section-height-default\" data-id=\"f336b6f\" data-element_type=\"section\">\n\t\t\t\t\t\t<div class=\"elementor-container elementor-column-gap-default\">\n\t\t\t\t\t<div class=\"elementor-column elementor-col-100 elementor-top-column elementor-element elementor-element-ecc5ba6\" data-id=\"ecc5ba6\" data-element_type=\"column\">\n\t\t\t<div class=\"elementor-widget-wrap elementor-element-populated\">\n\t\t\t\t\t\t<div class=\"elementor-element elementor-element-bf23590 elementor-widget__width-initial elementor-widget elementor-widget-image\" data-id=\"bf23590\" data-element_type=\"widget\" data-widget_type=\"image.default\">\n\t\t\t\t<div class=\"elementor-widget-container\">\n\t\t\t\t\t\t\t\t\t\t\t\t<figure class=\"wp-caption\">\n\t\t\t\t\t\t\t\t\t\t<img fetchpriority=\"high\" decoding=\"async\" width=\"800\" height=\"538\" src=\"https:\/\/www.manheim-express.eu\/wp-content\/uploads\/2025\/05\/Lukas_E-Auto_Test-1024x689.jpg\" class=\"attachment-large size-large wp-image-20014\" alt=\"\" srcset=\"https:\/\/www.manheim-express.eu\/wp-content\/uploads\/2025\/05\/Lukas_E-Auto_Test-1024x689.jpg 1024w, https:\/\/www.manheim-express.eu\/wp-content\/uploads\/2025\/05\/Lukas_E-Auto_Test-300x202.jpg 300w, https:\/\/www.manheim-express.eu\/wp-content\/uploads\/2025\/05\/Lukas_E-Auto_Test-768x517.jpg 768w, https:\/\/www.manheim-express.eu\/wp-content\/uploads\/2025\/05\/Lukas_E-Auto_Test.jpg 1390w\" sizes=\"(max-width: 800px) 100vw, 800px\" \/>\t\t\t\t\t\t\t\t\t\t\t<figcaption class=\"widget-image-caption wp-caption-text\">Bereit f\u00fcr die n\u00e4chste Kundentour: Mit einer Reichweite von bis zu 400 Kilometern bringt der Audi Q8 e-tron Lukas problemlos von Termin zu Termin \u2013 ohne Reichweitenangst.<\/figcaption>\n\t\t\t\t\t\t\t\t\t\t<\/figure>\n\t\t\t\t\t\t\t\t\t<\/div>\n\t\t\t\t<\/div>\n\t\t\t\t<div class=\"elementor-element elementor-element-f32f611 elementor-widget elementor-widget-text-editor\" data-id=\"f32f611\" data-element_type=\"widget\" data-widget_type=\"text-editor.default\">\n\t\t\t\t<div class=\"elementor-widget-container\">\n\t\t\t\t\t\t\t\t\t<p>\u00a0<\/p><h5 style=\"font-weight: 400;\"><strong>Diese Frage h\u00f6rt man beim Thema E-Autos so oft wie &#8222;Haben Sie WLAN?&#8220; in deutschen Hotels. Doch was ist dran an den Bedenken, besonders im fordernden Vertriebsalltag mit langen Strecken, spontanen Kundenterminen und engen Zeitpl\u00e4nen?<\/strong><\/h5><h5 style=\"font-weight: 400;\"><strong>Wir haben mit Lukas Elversfeld, Sales Manager bei Manheim Express, gesprochen. Er testet seit Anfang April im Rahmen eines Pilotprojekts einen Audi Q8 e-tron und verr\u00e4t uns sein ungeschminktes Halbzeitfazit nach knapp 5.000 gefahrenen Kilometern.<\/strong><\/h5>\t\t\t\t\t\t\t\t<\/div>\n\t\t\t\t<\/div>\n\t\t\t\t\t<\/div>\n\t\t<\/div>\n\t\t\t\t\t<\/div>\n\t\t<\/section>\n\t\t\t\t<section class=\"elementor-section elementor-top-section elementor-element elementor-element-de7dd31 elementor-section-boxed elementor-section-height-default elementor-section-height-default\" data-id=\"de7dd31\" data-element_type=\"section\">\n\t\t\t\t\t\t<div class=\"elementor-container elementor-column-gap-default\">\n\t\t\t\t\t<div class=\"elementor-column elementor-col-100 elementor-top-column elementor-element elementor-element-d40c243\" data-id=\"d40c243\" data-element_type=\"column\">\n\t\t\t<div class=\"elementor-widget-wrap elementor-element-populated\">\n\t\t\t\t\t\t<div class=\"elementor-element elementor-element-c70066a elementor-widget elementor-widget-text-editor\" data-id=\"c70066a\" data-element_type=\"widget\" data-widget_type=\"text-editor.default\">\n\t\t\t\t<div class=\"elementor-widget-container\">\n\t\t\t\t\t\t\t\t\t<h3><strong>Vom skeptischem Vertriebsprofi zum E-Auto-Enthusiasten<\/strong><\/h3><p style=\"font-weight: 400;\">\u00a0Als Au\u00dfendienstler durch und durch, mit einer Jahresfahrleistung von 50.000-60.000 Kilometern war Lukas der perfekte Kandidat, um die Alltagstauglichkeit eines E-Autos im Vertriebseinsatz zu testen. Seine anf\u00e4nglichen Bedenken? Klassiker wie Reichweite, Ladedauer und Infrastruktur.<\/p><p style=\"font-weight: 400;\">Das Fazit nach zwei Monaten? <strong>&#8222;Ich will nie wieder einen Verbrenner fahren.&#8220;<\/strong> Eine Aussage, die aufhorchen l\u00e4sst. Besonders von jemandem, der sich selbst als langj\u00e4hrigen Audi-Fan bezeichnet und den Komfort hochwertiger Verbrenner kennt.<\/p><p style=\"font-weight: 400;\">Das gesamte Projekt ist eine Win-Win-Situation. Sowohl f\u00fcr Lukas als auch f\u00fcr das Fuhrparkmanagement, das wertvolle Praxiserfahrungen sammeln kann. &#8222;Unser Fuhrparkmanager sieht das als interessantes Thema und wollte konkrete Erfahrungswerte im Vertriebsalltag sammeln,&#8220; erkl\u00e4rt Lukas. &#8222;Diese Praxistests sind Gold wert f\u00fcr Flottenentscheider.&#8220;<\/p>\t\t\t\t\t\t\t\t<\/div>\n\t\t\t\t<\/div>\n\t\t\t\t\t<\/div>\n\t\t<\/div>\n\t\t\t\t\t<\/div>\n\t\t<\/section>\n\t\t\t\t<section class=\"elementor-section elementor-top-section elementor-element elementor-element-88b96af elementor-section-boxed elementor-section-height-default elementor-section-height-default\" data-id=\"88b96af\" data-element_type=\"section\">\n\t\t\t\t\t\t<div class=\"elementor-container elementor-column-gap-default\">\n\t\t\t\t\t<div class=\"elementor-column elementor-col-100 elementor-top-column elementor-element elementor-element-db8499e\" data-id=\"db8499e\" data-element_type=\"column\">\n\t\t\t<div class=\"elementor-widget-wrap elementor-element-populated\">\n\t\t\t\t\t\t<div class=\"elementor-element elementor-element-f8dc1fe elementor-widget__width-initial elementor-widget elementor-widget-text-editor\" data-id=\"f8dc1fe\" data-element_type=\"widget\" data-widget_type=\"text-editor.default\">\n\t\t\t\t<div class=\"elementor-widget-container\">\n\t\t\t\t\t\t\t\t\t<h3><strong>Die Reichweiten-Realit\u00e4t<\/strong><\/h3><p style=\"font-weight: 400;\">Die ber\u00fcchtigte Reichweitenangst erweist sich in der Praxis als unbegr\u00fcndet. Mit dem Audi Q8 e-tron kommt Lukas bei realem Autobahntempo verl\u00e4sslich bis zu 400 Kilometer weit. Das auch noch mit gen\u00fcgend Reserven, denn die tats\u00e4chliche Reichweite wird tendenziell sogar eher zu niedrig angezeigt.<\/p><p style=\"font-weight: 400;\">&#8222;Das Navi rechnet pr\u00e4zise aus, wie weit ich komme und wo ich laden kann.<strong> In der Praxis hatte ich sogar immer noch 5-8% mehr Reichweite als angezeigt. <\/strong>Man kann tendenziell also noch weiter fahren, als man eigentlich glaubt.&#8220;<\/p><p style=\"font-weight: 400;\">Ein weiteres Vorurteil, welches sich als nichtig erweist: Klimaanlage und andere elektronische Verbraucher haben kaum Einfluss auf die Reichweite &#8211; lediglich ein paar Kilometer weniger auf einer gesamten Ladung. Und mal ehrlich: das hat ein Verbrenner auch, denn die Klimaanlage l\u00e4uft buchst\u00e4blich nicht nur mit \u201ehei\u00dfer Luft\u201c.<\/p><h5>\u00a0<\/h5><h3><strong>Schnelleres Laden als ein Sandwich bei einer Fast-Food-Kette<\/strong><\/h3><p>Und wie sieht&#8217;s mit dem Laden aus? Lukas erz\u00e4hlt schmunzelnd von einem Erlebnis an der Schnelllades\u00e4ule: &#8222;Ich habe meine Mittagspause gemacht, war bei einem Fast-Food-Restaurant nebenan, habe gegessen, dann 5 Minuten telefoniert &#8211; und das Auto war schon bei 80% geladen. Ich habe tats\u00e4chlich l\u00e4nger f\u00fcr mein Essen gebraucht als das Auto zum Laden!&#8220;<\/p><p>Ein weiterer Pluspunkt: In seinem bisherigen Test hat Lukas nur eine einzige defekte Lades\u00e4ule erlebt &#8211; und selbst in diesem Fall war es sein Fehler, weil er vorher nicht in der App nachgeschaut hatte. &#8222;Es wird immer gesagt, dass ein Gro\u00dfteil der Lades\u00e4ulen nicht funktionieren, aber <strong>in fast 5.000 Kilometern habe ich nur eine einzige erlebt, die nicht wie geplant lief. Und selbst das wurde in der App angezeigt.<\/strong>&#8222;<\/p><p>Lukas kennt mittlerweile jeden Schnelllader im Umkreis von 15 Kilometern und hat sich schnell mit seiner Umgebung vertraut gemacht. Die einzige Anpassung in seinem Alltag? &#8222;Ich muss morgens manchmal eine halbe Stunde fr\u00fcher los.&#8220; Ansonsten l\u00e4uft sein Vertriebsalltag wie gewohnt, nur entspannter.<\/p><p>Wir k\u00f6nnen also getrost festhalten, dass, die Ladeinfrastruktur f\u00fcr E-Autos besser ist als&#8230;<br \/>&#8230;der Handyempfang auf deutschen Bahnstrecken.<br \/>&#8230;die Chance, in Berlin einen Beh\u00f6rdentermin zu bekommen.<br \/>&#8230;die durchschnittliche WLAN-Geschwindigkeit in deutschen B\u00fcros.<\/p><p>\u00a0<\/p><h3><strong>Kosten: Die \u00fcberraschende Bilanz<\/strong><\/h3><p>Hier zeigt sich eine differenzierte Bilanz zum klassischem Verbrennermotor: &#8222;Wenn ich ausschlie\u00dflich an \u00f6ffentlichen Lades\u00e4ulen lade, ist das E-Auto tats\u00e4chlich teurer als der Verbrenner,&#8220; erkl\u00e4rt Lukas offen. Die momentanen Preise an \u00f6ffentlichen Schnellladern \u2013 oft zwischen 60 und 85 Cent pro kWh \u2013 f\u00fchren zu h\u00f6heren Kosten pro 100 Kilometer im Vergleich zum Diesel.<strong> Der echte wirtschaftliche Vorteil entsteht jedoch durch die Kombination mit dem Laden zu Hause:<\/strong><\/p><p>&#8222;Zu Hause lade ich f\u00fcr 30 Cent pro kWh. Bei durchschnittlichen 90 kWh Ladevolumen sind das etwa 27 Euro f\u00fcr realistisch 400 Kilometer. Hier kommt man sogar g\u00fcnstiger weg als mit einem Verbrenner.&#8220; Die Formel ist einfach: Mit eigener Wallbox spart man erheblich. Und auch unterwegs kann man mit den richtigen Ladekarten die Kosten optimieren.<\/p><p>\u00a0<\/p><h3><strong>Die untersch\u00e4tzte Qualit\u00e4t: Eine un\u00fcberh\u00f6rbare Ruhe<\/strong><\/h3><p>Was Lukas besonders begeistert: Die Ruhe im Fahrzeug. Kein Motorenl\u00e4rm, kein Vibrieren, keine Ablenkung. Das Thema Motorensound wird oft als Argument f\u00fcr Verbrenner angef\u00fchrt. Lukas hat dazu eine klare Meinung: &#8222;Ein Porsche klingt zwar toll, aber die wenigsten haben so ein Auto. Dann lieber gar keinen Sound und diese wunderbare Ruhe genie\u00dfen. Man kann besser telefonieren, die Musikqualit\u00e4t genie\u00dfen und kommt deutlich entspannter an. Das ist f\u00fcr uns im Vertrieb ein echter Mehrwert.&#8220;<\/p>\t\t\t\t\t\t\t\t<\/div>\n\t\t\t\t<\/div>\n\t\t\t\t<div class=\"elementor-element elementor-element-054883a elementor-widget__width-initial elementor-widget elementor-widget-image\" data-id=\"054883a\" data-element_type=\"widget\" data-widget_type=\"image.default\">\n\t\t\t\t<div class=\"elementor-widget-container\">\n\t\t\t\t\t\t\t\t\t\t\t\t<figure class=\"wp-caption\">\n\t\t\t\t\t\t\t\t\t\t<img decoding=\"async\" width=\"800\" height=\"504\" src=\"https:\/\/www.manheim-express.eu\/wp-content\/uploads\/2025\/05\/Lukas_E-Auto_Test_Innenraum_Ruhe-1024x645.jpg\" class=\"attachment-large size-large wp-image-20016\" alt=\"\" srcset=\"https:\/\/www.manheim-express.eu\/wp-content\/uploads\/2025\/05\/Lukas_E-Auto_Test_Innenraum_Ruhe-1024x645.jpg 1024w, https:\/\/www.manheim-express.eu\/wp-content\/uploads\/2025\/05\/Lukas_E-Auto_Test_Innenraum_Ruhe-300x189.jpg 300w, https:\/\/www.manheim-express.eu\/wp-content\/uploads\/2025\/05\/Lukas_E-Auto_Test_Innenraum_Ruhe-768x484.jpg 768w, https:\/\/www.manheim-express.eu\/wp-content\/uploads\/2025\/05\/Lukas_E-Auto_Test_Innenraum_Ruhe.jpg 1390w\" sizes=\"(max-width: 800px) 100vw, 800px\" \/>\t\t\t\t\t\t\t\t\t\t\t<figcaption class=\"widget-image-caption wp-caption-text\">Entspannt im Vertriebsalltag: Lukas Elversfeld genie\u00dft die Ruhe im Innenraum des Audi Q8 e-tron..<\/figcaption>\n\t\t\t\t\t\t\t\t\t\t<\/figure>\n\t\t\t\t\t\t\t\t\t<\/div>\n\t\t\t\t<\/div>\n\t\t\t\t<div class=\"elementor-element elementor-element-19bd3a3 elementor-widget__width-initial elementor-widget elementor-widget-text-editor\" data-id=\"19bd3a3\" data-element_type=\"widget\" data-widget_type=\"text-editor.default\">\n\t\t\t\t<div class=\"elementor-widget-container\">\n\t\t\t\t\t\t\t\t\t<h3>\u00a0<\/h3><h3><strong>F\u00fcr H\u00e4ndler: Das solltet ihr wissen<\/strong><\/h3><p style=\"font-weight: 400;\">F\u00fcr z\u00f6gernde Gebrauchtwagenh\u00e4ndler hat Lukas eine klare Botschaft: &#8222;Wer nicht wagt, der nicht gewinnt.&#8220; E-Autos erfordern zwar eine andere Art des Verkaufens, bieten aber auch neue Chancen:<\/p><ul><li style=\"font-weight: 400;\"><strong>Vertrauen aufbauen<\/strong>: &#8222;Man muss dem Kunden die Angst nehmen und Vertrauen in die Technologie schaffen.&#8220;<\/li><li style=\"font-weight: 400;\"><strong>Infrastruktur erkl\u00e4ren<\/strong>: &#8222;Wir haben eine bessere Ladeinfrastruktur als viele glauben, besser als die Netzabdeckung in Deutschland!&#8220;<\/li><li style=\"font-weight: 400;\"><strong>Alltag betonen<\/strong>: &#8222;Du kaufst ein Auto nicht f\u00fcr den Urlaub, sondern f\u00fcr den t\u00e4glichen Gebrauch.&#8220;<\/li><\/ul><p><br \/>Bei der Beratung zu E-Autos ist es wichtig, auf die echten Alltagserfahrungen einzugehen statt theoretischer Probleme. Ein spannendes Argument: Nach Aussage von Lukas wollen 4 von 5 Personen aller E-Auto-Fahrer danach keinen Verbrenner mehr. Doch der Schritt zum E-Auto ist oft der Entscheidendste.<\/p><p>Was H\u00e4ndler besonders beachten sollten: Die Batterielebensdauer ist kein wirkliches Problem. &#8222;Die Zahlen zeigen ganz klar, dass die Batterie nicht wie allgemein vermutet an Leistung verliert. <strong>Nach drei Jahren haben die meisten Batterien noch mehr als 95% ihrer urspr\u00fcnglichen Kapazit\u00e4t.&#8220;<\/strong> Hier setzt Manheim Epxress auf Batteriechecks in <span style=\"color: #000000;\"><a style=\"color: #000000;\" href=\"https:\/\/www.manheim-express.eu\/de\/blog\/batteriediagnose-manheim-express-kooperiert-mit-aviloo\/\"><span style=\"text-decoration: underline;\"><strong>Kooperation mit AVILOO<\/strong><\/span><\/a><\/span>, die Klarheit f\u00fcr K\u00e4ufer und Verk\u00e4ufer schaffen.<\/p><h5>\u00a0<\/h5><h3><strong>Mehr als nur ein E-Auto &#8211; ein neues Vertriebserlebnis<\/strong><\/h3><p>Nach 6 Wochen und fast 5.000 Kilometern im Audi Q8 e-tron zieht Lukas ein \u00fcberraschend klares Fazit: &#8222;F\u00fcr den Vertriebsalltag ist das E-Auto nicht nur eine gleichwertige Alternative, in vielen Aspekten ist es sogar die bessere Wahl.&#8220;<\/p><p>Die gr\u00f6\u00dfte Offenbarung war f\u00fcr ihn das heimische Laden. &#8222;Morgens mit 100% Akku starten zu k\u00f6nnen, ohne vorher zur Tankstelle zu m\u00fcssen, ver\u00e4ndert den gesamten Tagesablauf positiv.&#8220; Bei Unternehmen mit eigenen Ladepunkten potenziert sich dieser Vorteil f\u00fcr die gesamte Flotte.<\/p><p>Was den anf\u00e4nglichen Skeptiker am meisten \u00fcberrascht hat: Die Kombination aus pr\u00e4ziser Reichweitenplanung, zuverl\u00e4ssiger Ladeinfrastruktur und dem \u00fcberlegenen Fahrerlebnis macht den Arbeitsalltag sp\u00fcrbar angenehmer. &#8222;In der Ruhe des E-Antriebs f\u00fchre ich bessere Kundengespr\u00e4che und komme entspannter an. Das macht sich am Ende des Tages bemerkbar.&#8220;<\/p><p>Besonders relevant f\u00fcr Flottenmanager: &#8222;Der Umstieg lohnt sich besonders f\u00fcr Unternehmen mit planbaren Routen und Heimladung f\u00fcr die Dienstwagen,&#8220; betont Lukas. &#8222;Die geringeren Betriebskosten, reduzierte Steuern und der Wartungsvorteil summieren sich bei einer Flotte erheblich.&#8220;<\/p><p><strong>Der Rat an alle H\u00e4ndler, Flottenmanager und E-Mobility-Skeptiker: &#8222;Macht den Test selbst. Die meisten Vorbehalte l\u00f6sen sich nach der ersten Woche in Luft auf. Und wer einmal die Vorteile erlebt hat, will nicht mehr zur\u00fcck.&#8220; Also, liebe H\u00e4ndler und Skeptiker: Testet selbst, bildet euch eine eigene Meinung und lasst euch \u00fcberraschen.<\/strong><\/p>\t\t\t\t\t\t\t\t<\/div>\n\t\t\t\t<\/div>\n\t\t\t\t<div class=\"elementor-element elementor-element-8e8e561 elementor-widget-divider--view-line elementor-widget elementor-widget-divider\" data-id=\"8e8e561\" data-element_type=\"widget\" data-widget_type=\"divider.default\">\n\t\t\t\t<div class=\"elementor-widget-container\">\n\t\t\t\t\t\t\t<div class=\"elementor-divider\">\n\t\t\t<span class=\"elementor-divider-separator\">\n\t\t\t\t\t\t<\/span>\n\t\t<\/div>\n\t\t\t\t\t\t<\/div>\n\t\t\t\t<\/div>\n\t\t\t\t<div class=\"elementor-element elementor-element-dd3dee7 elementor-widget elementor-widget-text-editor\" data-id=\"dd3dee7\" data-element_type=\"widget\" data-widget_type=\"text-editor.default\">\n\t\t\t\t<div class=\"elementor-widget-container\">\n\t\t\t\t\t\t\t\t\t<p style=\"font-weight: 400;\"><em>Lukas testet den Audi Q8 e-tron von April bis Ende Juni 2025 im Rahmen eines praktischen Langzeittests im Vertriebsalltag. Alle Erfahrungen basieren auf seinem pers\u00f6nlichen Einsatz mit einer Fahrleistung von bisher ca. 5.000 Kilometern.<\/em><\/p>\t\t\t\t\t\t\t\t<\/div>\n\t\t\t\t<\/div>\n\t\t\t\t\t<\/div>\n\t\t<\/div>\n\t\t\t\t\t<\/div>\n\t\t<\/section>\n\t\t\t\t<section class=\"elementor-section elementor-top-section elementor-element elementor-element-194ad7f elementor-section-boxed elementor-section-height-default elementor-section-height-default\" data-id=\"194ad7f\" data-element_type=\"section\">\n\t\t\t\t\t\t<div class=\"elementor-container elementor-column-gap-default\">\n\t\t\t\t\t<div class=\"elementor-column elementor-col-100 elementor-top-column elementor-element elementor-element-95eff89\" data-id=\"95eff89\" data-element_type=\"column\" data-settings=\"{&quot;background_background&quot;:&quot;classic&quot;}\">\n\t\t\t<div class=\"elementor-widget-wrap elementor-element-populated\">\n\t\t\t\t\t\t<section class=\"elementor-section elementor-inner-section elementor-element elementor-element-1059c05 elementor-section-boxed elementor-section-height-default elementor-section-height-default\" data-id=\"1059c05\" data-element_type=\"section\">\n\t\t\t\t\t\t<div class=\"elementor-container elementor-column-gap-default\">\n\t\t\t\t\t<div class=\"elementor-column elementor-col-50 elementor-inner-column elementor-element elementor-element-5f8b514\" data-id=\"5f8b514\" data-element_type=\"column\">\n\t\t\t<div class=\"elementor-widget-wrap elementor-element-populated\">\n\t\t\t\t\t\t<div class=\"elementor-element elementor-element-bb67a63 elementor-widget__width-initial elementor-widget elementor-widget-text-editor\" data-id=\"bb67a63\" data-element_type=\"widget\" data-widget_type=\"text-editor.default\">\n\t\t\t\t<div class=\"elementor-widget-container\">\n\t\t\t\t\t\t\t\t\t<h3><strong><span style=\"color: #ffffff;\">NEUES WHITEPAPER MIT TOPAKTUELLNE INSIGHTS ZU DEN CHANCEN DES EU-GEBRAUCHTWAGEN-HANDELS<\/span><\/strong><\/h3><p><span style=\"color: #ffffff;\">Ges\u00e4ttigter Markt? Steigende Konkurrenz? Unser Whitepaper zeigt Dir konkret, wie Du durch gezielten Ex- bzw. Import Deine Gebrauchtwagen profitabler vermarktest. Kein theoretisches Halbwissen, sondern praktische Strategien, die Du sofort umsetzen kannst:<\/span><\/p><ul><li><span style=\"color: #ffffff;\">Welche EU-M\u00e4rkte bieten die besten Absatzchancen?<\/span><\/li><li><span style=\"color: #ffffff;\">Wie Du logistische und rechtliche H\u00fcrden m\u00fchelos \u00fcberwindest<\/span><\/li><li><span style=\"color: #ffffff;\">Warum E-Autos im Export besonders lukrativ sein k\u00f6nnen<\/span><\/li><li><span style=\"color: #ffffff;\">Wie digitale Tools Deinen Erfolg beschleunigen<\/span><\/li><\/ul>\t\t\t\t\t\t\t\t<\/div>\n\t\t\t\t<\/div>\n\t\t\t\t\t<\/div>\n\t\t<\/div>\n\t\t\t\t<div class=\"elementor-column elementor-col-50 elementor-inner-column elementor-element elementor-element-34a8caa\" data-id=\"34a8caa\" data-element_type=\"column\">\n\t\t\t<div class=\"elementor-widget-wrap elementor-element-populated\">\n\t\t\t\t\t\t<div class=\"elementor-element elementor-element-361e86b elementor-widget__width-initial elementor-widget elementor-widget-image\" data-id=\"361e86b\" data-element_type=\"widget\" data-widget_type=\"image.default\">\n\t\t\t\t<div class=\"elementor-widget-container\">\n\t\t\t\t\t\t\t\t\t\t\t\t\t\t\t<img decoding=\"async\" width=\"800\" height=\"534\" src=\"https:\/\/www.manheim-express.eu\/wp-content\/uploads\/2025\/05\/Manheim-Express-Whitepaper-Mockup-1024x683.png\" class=\"attachment-large size-large wp-image-19958\" alt=\"\" srcset=\"https:\/\/www.manheim-express.eu\/wp-content\/uploads\/2025\/05\/Manheim-Express-Whitepaper-Mockup-1024x683.png 1024w, https:\/\/www.manheim-express.eu\/wp-content\/uploads\/2025\/05\/Manheim-Express-Whitepaper-Mockup-300x200.png 300w, https:\/\/www.manheim-express.eu\/wp-content\/uploads\/2025\/05\/Manheim-Express-Whitepaper-Mockup-768x512.png 768w, https:\/\/www.manheim-express.eu\/wp-content\/uploads\/2025\/05\/Manheim-Express-Whitepaper-Mockup-1536x1024.png 1536w, https:\/\/www.manheim-express.eu\/wp-content\/uploads\/2025\/05\/Manheim-Express-Whitepaper-Mockup.png 1920w\" sizes=\"(max-width: 800px) 100vw, 800px\" \/>\t\t\t\t\t\t\t\t\t\t\t\t\t\t\t<\/div>\n\t\t\t\t<\/div>\n\t\t\t\t<div class=\"elementor-element elementor-element-7eefa03 elementor-align-center elementor-widget elementor-widget-button\" data-id=\"7eefa03\" data-element_type=\"widget\" data-widget_type=\"button.default\">\n\t\t\t\t<div class=\"elementor-widget-container\">\n\t\t\t\t\t\t\t\t\t<div class=\"elementor-button-wrapper\">\n\t\t\t\t\t<a class=\"elementor-button elementor-button-link elementor-size-lg\" href=\"https:\/\/www.manheim-express.eu\/de\/whitepaper-eu-export\/\">\n\t\t\t\t\t\t<span class=\"elementor-button-content-wrapper\">\n\t\t\t\t\t\t\t\t\t<span class=\"elementor-button-text\">Hier herunterladen<\/span>\n\t\t\t\t\t<\/span>\n\t\t\t\t\t<\/a>\n\t\t\t\t<\/div>\n\t\t\t\t\t\t\t\t<\/div>\n\t\t\t\t<\/div>\n\t\t\t\t\t<\/div>\n\t\t<\/div>\n\t\t\t\t\t<\/div>\n\t\t<\/section>\n\t\t\t\t\t<\/div>\n\t\t<\/div>\n\t\t\t\t\t<\/div>\n\t\t<\/section>\n\t\t\t\t<\/div>\n\t\t","protected":false},"excerpt":{"rendered":"<p>Diese Frage h\u00f6rt man beim Thema E-Autos so oft wie &#8222;Haben Sie WLAN?&#8220; in deutschen Hotels. Doch was ist dran an den Bedenken, besonders im fordernden Vertriebsalltag mit langen Strecken, spontanen Kundenterminen und engen Zeitpl\u00e4nen?<\/p>\n","protected":false},"author":8,"featured_media":20014,"comment_status":"open","ping_status":"open","sticky":false,"template":"","format":"standard","meta":{"_acf_changed":false,"footnotes":""},"categories":[31,1],"tags":[],"class_list":["post-20013","post","type-post","status-publish","format-standard","has-post-thumbnail","hentry","category-manheim-update","category-unkategorisiert"],"acf":[],"yoast_head":"<!-- This site is optimized with the Yoast SEO plugin v25.8 - https:\/\/yoast.com\/wordpress\/plugins\/seo\/ -->\n<title>Erfahrungsbericht: E-Mobilt\u00e4t im Vertriebsalltag<\/title>\n<meta name=\"description\" content=\"Tipps aus erster Hand nach 5.000 km mit dem Audi Q8 e-tron. Sales Manager verr\u00e4t sein \u00fcberraschendes Fazit zu Reichweite und Ladeinfrastruktur.\" \/>\n<meta name=\"robots\" content=\"index, follow, max-snippet:-1, max-image-preview:large, max-video-preview:-1\" \/>\n<link rel=\"canonical\" href=\"https:\/\/www.manheim-express.eu\/de\/blog\/die-wahrheit-hinter-e-mobilitaet-im-vertriebsalltag\/\" \/>\n<meta property=\"og:locale\" content=\"de_DE\" \/>\n<meta property=\"og:type\" content=\"article\" \/>\n<meta property=\"og:title\" content=\"Erfahrungsbericht: E-Mobilt\u00e4t im Vertriebsalltag\" \/>\n<meta property=\"og:description\" content=\"Tipps aus erster Hand nach 5.000 km mit dem Audi Q8 e-tron. Sales Manager verr\u00e4t sein \u00fcberraschendes Fazit zu Reichweite und Ladeinfrastruktur.\" \/>\n<meta property=\"og:url\" content=\"https:\/\/www.manheim-express.eu\/de\/blog\/die-wahrheit-hinter-e-mobilitaet-im-vertriebsalltag\/\" \/>\n<meta property=\"og:site_name\" content=\"Manheim Express\" \/>\n<meta property=\"article:publisher\" content=\"https:\/\/www.facebook.com\/manheimexpresseurope\/\" \/>\n<meta property=\"article:published_time\" content=\"2025-05-26T09:36:14+00:00\" \/>\n<meta property=\"article:modified_time\" content=\"2025-09-04T08:47:02+00:00\" \/>\n<meta property=\"og:image\" content=\"https:\/\/www.manheim-express.eu\/wp-content\/uploads\/2025\/05\/Lukas_E-Auto_Test.jpg\" \/>\n\t<meta property=\"og:image:width\" content=\"1390\" \/>\n\t<meta property=\"og:image:height\" content=\"935\" \/>\n\t<meta property=\"og:image:type\" content=\"image\/jpeg\" \/>\n<meta name=\"author\" content=\"Tina Lotz\" \/>\n<meta name=\"twitter:card\" content=\"summary_large_image\" \/>\n<meta name=\"twitter:label1\" content=\"Verfasst von\" \/>\n\t<meta name=\"twitter:data1\" content=\"Tina Lotz\" \/>\n\t<meta name=\"twitter:label2\" content=\"Gesch\u00e4tzte Lesezeit\" \/>\n\t<meta name=\"twitter:data2\" content=\"7\u00a0Minuten\" \/>\n<script type=\"application\/ld+json\" class=\"yoast-schema-graph\">{\"@context\":\"https:\/\/schema.org\",\"@graph\":[{\"@type\":\"Article\",\"@id\":\"https:\/\/www.manheim-express.eu\/de\/blog\/die-wahrheit-hinter-e-mobilitaet-im-vertriebsalltag\/#article\",\"isPartOf\":{\"@id\":\"https:\/\/www.manheim-express.eu\/de\/blog\/die-wahrheit-hinter-e-mobilitaet-im-vertriebsalltag\/\"},\"author\":{\"name\":\"Tina Lotz\",\"@id\":\"https:\/\/www.manheim-express.eu\/de\/#\/schema\/person\/e960e90928f702c45eb0d8cf9a63b306\"},\"headline\":\"&#8222;Wie weit komm&#8216; ich denn damit?&#8220; \u2013 Die Wahrheit hinter E-Mobilit\u00e4t im Vertriebsalltag.\",\"datePublished\":\"2025-05-26T09:36:14+00:00\",\"dateModified\":\"2025-09-04T08:47:02+00:00\",\"mainEntityOfPage\":{\"@id\":\"https:\/\/www.manheim-express.eu\/de\/blog\/die-wahrheit-hinter-e-mobilitaet-im-vertriebsalltag\/\"},\"wordCount\":1355,\"commentCount\":0,\"publisher\":{\"@id\":\"https:\/\/www.manheim-express.eu\/de\/#organization\"},\"image\":{\"@id\":\"https:\/\/www.manheim-express.eu\/de\/blog\/die-wahrheit-hinter-e-mobilitaet-im-vertriebsalltag\/#primaryimage\"},\"thumbnailUrl\":\"https:\/\/www.manheim-express.eu\/wp-content\/uploads\/2025\/05\/Lukas_E-Auto_Test.jpg\",\"articleSection\":[\"Manheim update\",\"Unkategorisiert\"],\"inLanguage\":\"de\",\"potentialAction\":[{\"@type\":\"CommentAction\",\"name\":\"Comment\",\"target\":[\"https:\/\/www.manheim-express.eu\/de\/blog\/die-wahrheit-hinter-e-mobilitaet-im-vertriebsalltag\/#respond\"]}]},{\"@type\":\"WebPage\",\"@id\":\"https:\/\/www.manheim-express.eu\/de\/blog\/die-wahrheit-hinter-e-mobilitaet-im-vertriebsalltag\/\",\"url\":\"https:\/\/www.manheim-express.eu\/de\/blog\/die-wahrheit-hinter-e-mobilitaet-im-vertriebsalltag\/\",\"name\":\"Erfahrungsbericht: E-Mobilt\u00e4t im Vertriebsalltag\",\"isPartOf\":{\"@id\":\"https:\/\/www.manheim-express.eu\/de\/#website\"},\"primaryImageOfPage\":{\"@id\":\"https:\/\/www.manheim-express.eu\/de\/blog\/die-wahrheit-hinter-e-mobilitaet-im-vertriebsalltag\/#primaryimage\"},\"image\":{\"@id\":\"https:\/\/www.manheim-express.eu\/de\/blog\/die-wahrheit-hinter-e-mobilitaet-im-vertriebsalltag\/#primaryimage\"},\"thumbnailUrl\":\"https:\/\/www.manheim-express.eu\/wp-content\/uploads\/2025\/05\/Lukas_E-Auto_Test.jpg\",\"datePublished\":\"2025-05-26T09:36:14+00:00\",\"dateModified\":\"2025-09-04T08:47:02+00:00\",\"description\":\"Tipps aus erster Hand nach 5.000 km mit dem Audi Q8 e-tron. Sales Manager verr\u00e4t sein \u00fcberraschendes Fazit zu Reichweite und Ladeinfrastruktur.\",\"breadcrumb\":{\"@id\":\"https:\/\/www.manheim-express.eu\/de\/blog\/die-wahrheit-hinter-e-mobilitaet-im-vertriebsalltag\/#breadcrumb\"},\"inLanguage\":\"de\",\"potentialAction\":[{\"@type\":\"ReadAction\",\"target\":[\"https:\/\/www.manheim-express.eu\/de\/blog\/die-wahrheit-hinter-e-mobilitaet-im-vertriebsalltag\/\"]}]},{\"@type\":\"ImageObject\",\"inLanguage\":\"de\",\"@id\":\"https:\/\/www.manheim-express.eu\/de\/blog\/die-wahrheit-hinter-e-mobilitaet-im-vertriebsalltag\/#primaryimage\",\"url\":\"https:\/\/www.manheim-express.eu\/wp-content\/uploads\/2025\/05\/Lukas_E-Auto_Test.jpg\",\"contentUrl\":\"https:\/\/www.manheim-express.eu\/wp-content\/uploads\/2025\/05\/Lukas_E-Auto_Test.jpg\",\"width\":1390,\"height\":935},{\"@type\":\"BreadcrumbList\",\"@id\":\"https:\/\/www.manheim-express.eu\/de\/blog\/die-wahrheit-hinter-e-mobilitaet-im-vertriebsalltag\/#breadcrumb\",\"itemListElement\":[{\"@type\":\"ListItem\",\"position\":1,\"name\":\"Home\",\"item\":\"https:\/\/www.manheim-express.eu\/de\/\"},{\"@type\":\"ListItem\",\"position\":2,\"name\":\"&#8220;Wie weit komm&#8217; ich denn damit?&#8221; \u2013 Die Wahrheit hinter E-Mobilit\u00e4t im Vertriebsalltag.\"}]},{\"@type\":\"WebSite\",\"@id\":\"https:\/\/www.manheim-express.eu\/de\/#website\",\"url\":\"https:\/\/www.manheim-express.eu\/de\/\",\"name\":\"Manheim Express\",\"description\":\"\",\"publisher\":{\"@id\":\"https:\/\/www.manheim-express.eu\/de\/#organization\"},\"potentialAction\":[{\"@type\":\"SearchAction\",\"target\":{\"@type\":\"EntryPoint\",\"urlTemplate\":\"https:\/\/www.manheim-express.eu\/de\/?s={search_term_string}\"},\"query-input\":{\"@type\":\"PropertyValueSpecification\",\"valueRequired\":true,\"valueName\":\"search_term_string\"}}],\"inLanguage\":\"de\"},{\"@type\":\"Organization\",\"@id\":\"https:\/\/www.manheim-express.eu\/de\/#organization\",\"name\":\"Manheim Express\",\"url\":\"https:\/\/www.manheim-express.eu\/de\/\",\"logo\":{\"@type\":\"ImageObject\",\"inLanguage\":\"de\",\"@id\":\"https:\/\/www.manheim-express.eu\/de\/#\/schema\/logo\/image\/\",\"url\":\"https:\/\/www.manheim-express.eu\/wp-content\/uploads\/2021\/07\/manheim-express-logo-light.png\",\"contentUrl\":\"https:\/\/www.manheim-express.eu\/wp-content\/uploads\/2021\/07\/manheim-express-logo-light.png\",\"width\":1163,\"height\":392,\"caption\":\"Manheim Express\"},\"image\":{\"@id\":\"https:\/\/www.manheim-express.eu\/de\/#\/schema\/logo\/image\/\"},\"sameAs\":[\"https:\/\/www.facebook.com\/manheimexpresseurope\/\",\"https:\/\/www.instagram.com\/manheim.express\",\"https:\/\/www.linkedin.com\/company\/manheim-express\/\",\"https:\/\/www.youtube.com\/channel\/UCRKJajJPvJv-ao7Tk7qra5Q\/\"]},{\"@type\":\"Person\",\"@id\":\"https:\/\/www.manheim-express.eu\/de\/#\/schema\/person\/e960e90928f702c45eb0d8cf9a63b306\",\"name\":\"Tina Lotz\",\"image\":{\"@type\":\"ImageObject\",\"inLanguage\":\"de\",\"@id\":\"https:\/\/www.manheim-express.eu\/de\/#\/schema\/person\/image\/\",\"url\":\"https:\/\/secure.gravatar.com\/avatar\/526bd93c19275ff86b2b2c342f7069ac76b5aee015380b85e362d08d49c359b2?s=96&d=mm&r=g\",\"contentUrl\":\"https:\/\/secure.gravatar.com\/avatar\/526bd93c19275ff86b2b2c342f7069ac76b5aee015380b85e362d08d49c359b2?s=96&d=mm&r=g\",\"caption\":\"Tina Lotz\"},\"url\":\"https:\/\/www.manheim-express.eu\/de\/blog\/author\/tina_lotz\/\"}]}<\/script>\n<!-- \/ Yoast SEO plugin. -->","yoast_head_json":{"title":"Erfahrungsbericht: E-Mobilt\u00e4t im Vertriebsalltag","description":"Tipps aus erster Hand nach 5.000 km mit dem Audi Q8 e-tron. Sales Manager verr\u00e4t sein \u00fcberraschendes Fazit zu Reichweite und Ladeinfrastruktur.","robots":{"index":"index","follow":"follow","max-snippet":"max-snippet:-1","max-image-preview":"max-image-preview:large","max-video-preview":"max-video-preview:-1"},"canonical":"https:\/\/www.manheim-express.eu\/de\/blog\/die-wahrheit-hinter-e-mobilitaet-im-vertriebsalltag\/","og_locale":"de_DE","og_type":"article","og_title":"Erfahrungsbericht: E-Mobilt\u00e4t im Vertriebsalltag","og_description":"Tipps aus erster Hand nach 5.000 km mit dem Audi Q8 e-tron. Sales Manager verr\u00e4t sein \u00fcberraschendes Fazit zu Reichweite und Ladeinfrastruktur.","og_url":"https:\/\/www.manheim-express.eu\/de\/blog\/die-wahrheit-hinter-e-mobilitaet-im-vertriebsalltag\/","og_site_name":"Manheim Express","article_publisher":"https:\/\/www.facebook.com\/manheimexpresseurope\/","article_published_time":"2025-05-26T09:36:14+00:00","article_modified_time":"2025-09-04T08:47:02+00:00","og_image":[{"width":1390,"height":935,"url":"https:\/\/www.manheim-express.eu\/wp-content\/uploads\/2025\/05\/Lukas_E-Auto_Test.jpg","type":"image\/jpeg"}],"author":"Tina Lotz","twitter_card":"summary_large_image","twitter_misc":{"Verfasst von":"Tina Lotz","Gesch\u00e4tzte Lesezeit":"7\u00a0Minuten"},"schema":{"@context":"https:\/\/schema.org","@graph":[{"@type":"Article","@id":"https:\/\/www.manheim-express.eu\/de\/blog\/die-wahrheit-hinter-e-mobilitaet-im-vertriebsalltag\/#article","isPartOf":{"@id":"https:\/\/www.manheim-express.eu\/de\/blog\/die-wahrheit-hinter-e-mobilitaet-im-vertriebsalltag\/"},"author":{"name":"Tina Lotz","@id":"https:\/\/www.manheim-express.eu\/de\/#\/schema\/person\/e960e90928f702c45eb0d8cf9a63b306"},"headline":"&#8222;Wie weit komm&#8216; ich denn damit?&#8220; \u2013 Die Wahrheit hinter E-Mobilit\u00e4t im Vertriebsalltag.","datePublished":"2025-05-26T09:36:14+00:00","dateModified":"2025-09-04T08:47:02+00:00","mainEntityOfPage":{"@id":"https:\/\/www.manheim-express.eu\/de\/blog\/die-wahrheit-hinter-e-mobilitaet-im-vertriebsalltag\/"},"wordCount":1355,"commentCount":0,"publisher":{"@id":"https:\/\/www.manheim-express.eu\/de\/#organization"},"image":{"@id":"https:\/\/www.manheim-express.eu\/de\/blog\/die-wahrheit-hinter-e-mobilitaet-im-vertriebsalltag\/#primaryimage"},"thumbnailUrl":"https:\/\/www.manheim-express.eu\/wp-content\/uploads\/2025\/05\/Lukas_E-Auto_Test.jpg","articleSection":["Manheim update","Unkategorisiert"],"inLanguage":"de","potentialAction":[{"@type":"CommentAction","name":"Comment","target":["https:\/\/www.manheim-express.eu\/de\/blog\/die-wahrheit-hinter-e-mobilitaet-im-vertriebsalltag\/#respond"]}]},{"@type":"WebPage","@id":"https:\/\/www.manheim-express.eu\/de\/blog\/die-wahrheit-hinter-e-mobilitaet-im-vertriebsalltag\/","url":"https:\/\/www.manheim-express.eu\/de\/blog\/die-wahrheit-hinter-e-mobilitaet-im-vertriebsalltag\/","name":"Erfahrungsbericht: E-Mobilt\u00e4t im Vertriebsalltag","isPartOf":{"@id":"https:\/\/www.manheim-express.eu\/de\/#website"},"primaryImageOfPage":{"@id":"https:\/\/www.manheim-express.eu\/de\/blog\/die-wahrheit-hinter-e-mobilitaet-im-vertriebsalltag\/#primaryimage"},"image":{"@id":"https:\/\/www.manheim-express.eu\/de\/blog\/die-wahrheit-hinter-e-mobilitaet-im-vertriebsalltag\/#primaryimage"},"thumbnailUrl":"https:\/\/www.manheim-express.eu\/wp-content\/uploads\/2025\/05\/Lukas_E-Auto_Test.jpg","datePublished":"2025-05-26T09:36:14+00:00","dateModified":"2025-09-04T08:47:02+00:00","description":"Tipps aus erster Hand nach 5.000 km mit dem Audi Q8 e-tron. Sales Manager verr\u00e4t sein \u00fcberraschendes Fazit zu Reichweite und Ladeinfrastruktur.","breadcrumb":{"@id":"https:\/\/www.manheim-express.eu\/de\/blog\/die-wahrheit-hinter-e-mobilitaet-im-vertriebsalltag\/#breadcrumb"},"inLanguage":"de","potentialAction":[{"@type":"ReadAction","target":["https:\/\/www.manheim-express.eu\/de\/blog\/die-wahrheit-hinter-e-mobilitaet-im-vertriebsalltag\/"]}]},{"@type":"ImageObject","inLanguage":"de","@id":"https:\/\/www.manheim-express.eu\/de\/blog\/die-wahrheit-hinter-e-mobilitaet-im-vertriebsalltag\/#primaryimage","url":"https:\/\/www.manheim-express.eu\/wp-content\/uploads\/2025\/05\/Lukas_E-Auto_Test.jpg","contentUrl":"https:\/\/www.manheim-express.eu\/wp-content\/uploads\/2025\/05\/Lukas_E-Auto_Test.jpg","width":1390,"height":935},{"@type":"BreadcrumbList","@id":"https:\/\/www.manheim-express.eu\/de\/blog\/die-wahrheit-hinter-e-mobilitaet-im-vertriebsalltag\/#breadcrumb","itemListElement":[{"@type":"ListItem","position":1,"name":"Home","item":"https:\/\/www.manheim-express.eu\/de\/"},{"@type":"ListItem","position":2,"name":"&#8220;Wie weit komm&#8217; ich denn damit?&#8221; \u2013 Die Wahrheit hinter E-Mobilit\u00e4t im Vertriebsalltag."}]},{"@type":"WebSite","@id":"https:\/\/www.manheim-express.eu\/de\/#website","url":"https:\/\/www.manheim-express.eu\/de\/","name":"Manheim Express","description":"","publisher":{"@id":"https:\/\/www.manheim-express.eu\/de\/#organization"},"potentialAction":[{"@type":"SearchAction","target":{"@type":"EntryPoint","urlTemplate":"https:\/\/www.manheim-express.eu\/de\/?s={search_term_string}"},"query-input":{"@type":"PropertyValueSpecification","valueRequired":true,"valueName":"search_term_string"}}],"inLanguage":"de"},{"@type":"Organization","@id":"https:\/\/www.manheim-express.eu\/de\/#organization","name":"Manheim Express","url":"https:\/\/www.manheim-express.eu\/de\/","logo":{"@type":"ImageObject","inLanguage":"de","@id":"https:\/\/www.manheim-express.eu\/de\/#\/schema\/logo\/image\/","url":"https:\/\/www.manheim-express.eu\/wp-content\/uploads\/2021\/07\/manheim-express-logo-light.png","contentUrl":"https:\/\/www.manheim-express.eu\/wp-content\/uploads\/2021\/07\/manheim-express-logo-light.png","width":1163,"height":392,"caption":"Manheim Express"},"image":{"@id":"https:\/\/www.manheim-express.eu\/de\/#\/schema\/logo\/image\/"},"sameAs":["https:\/\/www.facebook.com\/manheimexpresseurope\/","https:\/\/www.instagram.com\/manheim.express","https:\/\/www.linkedin.com\/company\/manheim-express\/","https:\/\/www.youtube.com\/channel\/UCRKJajJPvJv-ao7Tk7qra5Q\/"]},{"@type":"Person","@id":"https:\/\/www.manheim-express.eu\/de\/#\/schema\/person\/e960e90928f702c45eb0d8cf9a63b306","name":"Tina Lotz","image":{"@type":"ImageObject","inLanguage":"de","@id":"https:\/\/www.manheim-express.eu\/de\/#\/schema\/person\/image\/","url":"https:\/\/secure.gravatar.com\/avatar\/526bd93c19275ff86b2b2c342f7069ac76b5aee015380b85e362d08d49c359b2?s=96&d=mm&r=g","contentUrl":"https:\/\/secure.gravatar.com\/avatar\/526bd93c19275ff86b2b2c342f7069ac76b5aee015380b85e362d08d49c359b2?s=96&d=mm&r=g","caption":"Tina Lotz"},"url":"https:\/\/www.manheim-express.eu\/de\/blog\/author\/tina_lotz\/"}]}},"_links":{"self":[{"href":"https:\/\/www.manheim-express.eu\/de\/wp-json\/wp\/v2\/posts\/20013","targetHints":{"allow":["GET"]}}],"collection":[{"href":"https:\/\/www.manheim-express.eu\/de\/wp-json\/wp\/v2\/posts"}],"about":[{"href":"https:\/\/www.manheim-express.eu\/de\/wp-json\/wp\/v2\/types\/post"}],"author":[{"embeddable":true,"href":"https:\/\/www.manheim-express.eu\/de\/wp-json\/wp\/v2\/users\/8"}],"replies":[{"embeddable":true,"href":"https:\/\/www.manheim-express.eu\/de\/wp-json\/wp\/v2\/comments?post=20013"}],"version-history":[{"count":21,"href":"https:\/\/www.manheim-express.eu\/de\/wp-json\/wp\/v2\/posts\/20013\/revisions"}],"predecessor-version":[{"id":20038,"href":"https:\/\/www.manheim-express.eu\/de\/wp-json\/wp\/v2\/posts\/20013\/revisions\/20038"}],"wp:featuredmedia":[{"embeddable":true,"href":"https:\/\/www.manheim-express.eu\/de\/wp-json\/wp\/v2\/media\/20014"}],"wp:attachment":[{"href":"https:\/\/www.manheim-express.eu\/de\/wp-json\/wp\/v2\/media?parent=20013"}],"wp:term":[{"taxonomy":"category","embeddable":true,"href":"https:\/\/www.manheim-express.eu\/de\/wp-json\/wp\/v2\/categories?post=20013"},{"taxonomy":"post_tag","embeddable":true,"href":"https:\/\/www.manheim-express.eu\/de\/wp-json\/wp\/v2\/tags?post=20013"}],"curies":[{"name":"wp","href":"https:\/\/api.w.org\/{rel}","templated":true}]}}